{"id":935,"date":"2025-09-08T08:58:02","date_gmt":"2025-09-08T06:58:02","guid":{"rendered":"https:\/\/blog.tomasbrincil.cz\/?p=935"},"modified":"2025-09-08T08:58:02","modified_gmt":"2025-09-08T06:58:02","slug":"2025-iaru-reg-1-145-mhz-contest","status":"publish","type":"post","link":"https:\/\/blog.tomasbrincil.cz\/?p=935","title":{"rendered":"2025 IARU\u00a0Reg. 1\u00a0145 MHz Contest"},"content":{"rendered":"\n<figure class=\"wp-block-image size-large\"><img loading=\"lazy\" decoding=\"async\" width=\"1024\" height=\"768\" src=\"https:\/\/blog.tomasbrincil.cz\/wp-content\/uploads\/2025\/09\/IMG_7044-1024x768.jpeg\" alt=\"\" class=\"wp-image-925\" srcset=\"https:\/\/blog.tomasbrincil.cz\/wp-content\/uploads\/2025\/09\/IMG_7044-1024x768.jpeg 1024w, https:\/\/blog.tomasbrincil.cz\/wp-content\/uploads\/2025\/09\/IMG_7044-300x225.jpeg 300w, https:\/\/blog.tomasbrincil.cz\/wp-content\/uploads\/2025\/09\/IMG_7044-768x576.jpeg 768w, https:\/\/blog.tomasbrincil.cz\/wp-content\/uploads\/2025\/09\/IMG_7044-1536x1152.jpeg 1536w, https:\/\/blog.tomasbrincil.cz\/wp-content\/uploads\/2025\/09\/IMG_7044-2048x1536.jpeg 2048w\" sizes=\"auto, (max-width: 1024px) 100vw, 1024px\" \/><figcaption class=\"wp-element-caption\">OK1KKP &#8211; Velk\u00e1 Bu\u010dina, p\u0159\u00edpravy na z\u00e1vod po sobotn\u00ed poledni.<\/figcaption><\/figure>\n\n\n\n<figure class=\"wp-block-image size-large\"><img loading=\"lazy\" decoding=\"async\" width=\"1024\" height=\"768\" src=\"https:\/\/blog.tomasbrincil.cz\/wp-content\/uploads\/2025\/09\/IMG_7051-1024x768.jpeg\" alt=\"\" class=\"wp-image-926\" srcset=\"https:\/\/blog.tomasbrincil.cz\/wp-content\/uploads\/2025\/09\/IMG_7051-1024x768.jpeg 1024w, https:\/\/blog.tomasbrincil.cz\/wp-content\/uploads\/2025\/09\/IMG_7051-300x225.jpeg 300w, https:\/\/blog.tomasbrincil.cz\/wp-content\/uploads\/2025\/09\/IMG_7051-768x576.jpeg 768w, https:\/\/blog.tomasbrincil.cz\/wp-content\/uploads\/2025\/09\/IMG_7051-1536x1152.jpeg 1536w, https:\/\/blog.tomasbrincil.cz\/wp-content\/uploads\/2025\/09\/IMG_7051-2048x1536.jpeg 2048w\" sizes=\"auto, (max-width: 1024px) 100vw, 1024px\" \/><figcaption class=\"wp-element-caption\">Radioklub Na v\u00fdslun\u00ed v Kru\u0161n\u00fdch hor\u00e1ch, foceno p\u0159i pr\u016fjezdu sm\u011brem na Kl\u00ednovec.<\/figcaption><\/figure>\n\n\n\n<figure class=\"wp-block-image size-large\"><img loading=\"lazy\" decoding=\"async\" width=\"1024\" height=\"768\" src=\"https:\/\/blog.tomasbrincil.cz\/wp-content\/uploads\/2025\/09\/IMG_7070-1024x768.jpeg\" alt=\"\" class=\"wp-image-927\" srcset=\"https:\/\/blog.tomasbrincil.cz\/wp-content\/uploads\/2025\/09\/IMG_7070-1024x768.jpeg 1024w, https:\/\/blog.tomasbrincil.cz\/wp-content\/uploads\/2025\/09\/IMG_7070-300x225.jpeg 300w, https:\/\/blog.tomasbrincil.cz\/wp-content\/uploads\/2025\/09\/IMG_7070-768x576.jpeg 768w, https:\/\/blog.tomasbrincil.cz\/wp-content\/uploads\/2025\/09\/IMG_7070-1536x1152.jpeg 1536w, https:\/\/blog.tomasbrincil.cz\/wp-content\/uploads\/2025\/09\/IMG_7070-2048x1536.jpeg 2048w\" sizes=\"auto, (max-width: 1024px) 100vw, 1024px\" \/><figcaption class=\"wp-element-caption\">OK1KAD na Kl\u00ednovci ka\u017ed\u00fd rok p\u016fj\u010duje sv\u00e9 QTH kolektivu <a href=\"https:\/\/www.ok4c.cz\">OK4C<\/a><\/figcaption><\/figure>\n\n\n\n<figure class=\"wp-block-image size-large\"><img loading=\"lazy\" decoding=\"async\" width=\"1024\" height=\"768\" src=\"https:\/\/blog.tomasbrincil.cz\/wp-content\/uploads\/2025\/09\/IMG_7072-1024x768.jpeg\" alt=\"\" class=\"wp-image-928\" srcset=\"https:\/\/blog.tomasbrincil.cz\/wp-content\/uploads\/2025\/09\/IMG_7072-1024x768.jpeg 1024w, https:\/\/blog.tomasbrincil.cz\/wp-content\/uploads\/2025\/09\/IMG_7072-300x225.jpeg 300w, https:\/\/blog.tomasbrincil.cz\/wp-content\/uploads\/2025\/09\/IMG_7072-768x576.jpeg 768w, https:\/\/blog.tomasbrincil.cz\/wp-content\/uploads\/2025\/09\/IMG_7072-1536x1152.jpeg 1536w, https:\/\/blog.tomasbrincil.cz\/wp-content\/uploads\/2025\/09\/IMG_7072-2048x1536.jpeg 2048w\" sizes=\"auto, (max-width: 1024px) 100vw, 1024px\" \/><figcaption class=\"wp-element-caption\">Cestou domu jsme se zastavili na Doupov\u011b na bunkru J\u00e1syr.<\/figcaption><\/figure>\n\n\n\n<figure class=\"wp-block-image size-large\"><img loading=\"lazy\" decoding=\"async\" width=\"1024\" height=\"768\" src=\"https:\/\/blog.tomasbrincil.cz\/wp-content\/uploads\/2025\/09\/G0Rn3mEXkAAKqA-1024x768.jpeg\" alt=\"\" class=\"wp-image-929\" srcset=\"https:\/\/blog.tomasbrincil.cz\/wp-content\/uploads\/2025\/09\/G0Rn3mEXkAAKqA-1024x768.jpeg 1024w, https:\/\/blog.tomasbrincil.cz\/wp-content\/uploads\/2025\/09\/G0Rn3mEXkAAKqA-300x225.jpeg 300w, https:\/\/blog.tomasbrincil.cz\/wp-content\/uploads\/2025\/09\/G0Rn3mEXkAAKqA-768x576.jpeg 768w, https:\/\/blog.tomasbrincil.cz\/wp-content\/uploads\/2025\/09\/G0Rn3mEXkAAKqA-1536x1152.jpeg 1536w, https:\/\/blog.tomasbrincil.cz\/wp-content\/uploads\/2025\/09\/G0Rn3mEXkAAKqA.jpeg 2048w\" sizes=\"auto, (max-width: 1024px) 100vw, 1024px\" \/><figcaption class=\"wp-element-caption\">Na J\u00e1syru byl Michal  OK1CSM, kter\u00fd b\u011b\u017en\u011b vys\u00edl\u00e1 z OK1KAD.<\/figcaption><\/figure>\n\n\n\n<figure class=\"wp-block-image size-large\"><img loading=\"lazy\" decoding=\"async\" width=\"1024\" height=\"768\" src=\"https:\/\/blog.tomasbrincil.cz\/wp-content\/uploads\/2025\/09\/24c524f9-f2c6-4449-90cc-43f84d58da77-1024x768.jpg\" alt=\"\" class=\"wp-image-930\" srcset=\"https:\/\/blog.tomasbrincil.cz\/wp-content\/uploads\/2025\/09\/24c524f9-f2c6-4449-90cc-43f84d58da77-1024x768.jpg 1024w, https:\/\/blog.tomasbrincil.cz\/wp-content\/uploads\/2025\/09\/24c524f9-f2c6-4449-90cc-43f84d58da77-300x225.jpg 300w, https:\/\/blog.tomasbrincil.cz\/wp-content\/uploads\/2025\/09\/24c524f9-f2c6-4449-90cc-43f84d58da77-768x576.jpg 768w, https:\/\/blog.tomasbrincil.cz\/wp-content\/uploads\/2025\/09\/24c524f9-f2c6-4449-90cc-43f84d58da77-1536x1152.jpg 1536w, https:\/\/blog.tomasbrincil.cz\/wp-content\/uploads\/2025\/09\/24c524f9-f2c6-4449-90cc-43f84d58da77.jpg 2048w\" sizes=\"auto, (max-width: 1024px) 100vw, 1024px\" \/><figcaption class=\"wp-element-caption\">Krom\u011b nevy\u017e\u00e1dan\u00fdch rad a dobr\u00e9 n\u00e1lady jsme povzbudili z\u00e1vodn\u00edho ducha i \u0159\u00edzkama :))<\/figcaption><\/figure>\n\n\n\n<figure class=\"wp-block-image size-large\"><img loading=\"lazy\" decoding=\"async\" width=\"1024\" height=\"768\" src=\"https:\/\/blog.tomasbrincil.cz\/wp-content\/uploads\/2025\/09\/IMG_7077-1024x768.jpeg\" alt=\"\" class=\"wp-image-931\" srcset=\"https:\/\/blog.tomasbrincil.cz\/wp-content\/uploads\/2025\/09\/IMG_7077-1024x768.jpeg 1024w, https:\/\/blog.tomasbrincil.cz\/wp-content\/uploads\/2025\/09\/IMG_7077-300x225.jpeg 300w, https:\/\/blog.tomasbrincil.cz\/wp-content\/uploads\/2025\/09\/IMG_7077-768x576.jpeg 768w, https:\/\/blog.tomasbrincil.cz\/wp-content\/uploads\/2025\/09\/IMG_7077-1536x1152.jpeg 1536w, https:\/\/blog.tomasbrincil.cz\/wp-content\/uploads\/2025\/09\/IMG_7077-2048x1536.jpeg 2048w\" sizes=\"auto, (max-width: 1024px) 100vw, 1024px\" \/><figcaption class=\"wp-element-caption\">V ned\u011bli r\u00e1no jsme s mladejma ud\u011blali je\u0161t\u011b v py\u017eamu deset spojen\u00ed z na\u0161eho QTH. Odlovili jsme big guns.<\/figcaption><\/figure>\n\n\n\n<figure class=\"wp-block-image size-large\"><img loading=\"lazy\" decoding=\"async\" width=\"1024\" height=\"576\" src=\"https:\/\/blog.tomasbrincil.cz\/wp-content\/uploads\/2025\/09\/dji_fly_20250907_161934_614_1757254810858_photo_optimized-1024x576.jpg\" alt=\"\" class=\"wp-image-932\" srcset=\"https:\/\/blog.tomasbrincil.cz\/wp-content\/uploads\/2025\/09\/dji_fly_20250907_161934_614_1757254810858_photo_optimized-1024x576.jpg 1024w, https:\/\/blog.tomasbrincil.cz\/wp-content\/uploads\/2025\/09\/dji_fly_20250907_161934_614_1757254810858_photo_optimized-300x169.jpg 300w, https:\/\/blog.tomasbrincil.cz\/wp-content\/uploads\/2025\/09\/dji_fly_20250907_161934_614_1757254810858_photo_optimized-768x432.jpg 768w, https:\/\/blog.tomasbrincil.cz\/wp-content\/uploads\/2025\/09\/dji_fly_20250907_161934_614_1757254810858_photo_optimized-1536x864.jpg 1536w, https:\/\/blog.tomasbrincil.cz\/wp-content\/uploads\/2025\/09\/dji_fly_20250907_161934_614_1757254810858_photo_optimized-2048x1152.jpg 2048w\" sizes=\"auto, (max-width: 1024px) 100vw, 1024px\" \/><figcaption class=\"wp-element-caption\">A na konec z\u00e1vodu jsem vyrazil na m\u00edstn\u00ed OK1KKP.<\/figcaption><\/figure>\n\n\n\n<figure class=\"wp-block-image size-large\"><img loading=\"lazy\" decoding=\"async\" width=\"1024\" height=\"576\" src=\"https:\/\/blog.tomasbrincil.cz\/wp-content\/uploads\/2025\/09\/dji_fly_20250907_162034_617_1757255001828_photo_optimized-1024x576.jpg\" alt=\"\" class=\"wp-image-933\" srcset=\"https:\/\/blog.tomasbrincil.cz\/wp-content\/uploads\/2025\/09\/dji_fly_20250907_162034_617_1757255001828_photo_optimized-1024x576.jpg 1024w, https:\/\/blog.tomasbrincil.cz\/wp-content\/uploads\/2025\/09\/dji_fly_20250907_162034_617_1757255001828_photo_optimized-300x169.jpg 300w, https:\/\/blog.tomasbrincil.cz\/wp-content\/uploads\/2025\/09\/dji_fly_20250907_162034_617_1757255001828_photo_optimized-768x432.jpg 768w, https:\/\/blog.tomasbrincil.cz\/wp-content\/uploads\/2025\/09\/dji_fly_20250907_162034_617_1757255001828_photo_optimized-1536x864.jpg 1536w, https:\/\/blog.tomasbrincil.cz\/wp-content\/uploads\/2025\/09\/dji_fly_20250907_162034_617_1757255001828_photo_optimized-2048x1152.jpg 2048w\" sizes=\"auto, (max-width: 1024px) 100vw, 1024px\" \/><figcaption class=\"wp-element-caption\">OK1F, OK1OFF, OK1KKP<\/figcaption><\/figure>\n","protected":false},"excerpt":{"rendered":"","protected":false},"author":1,"featured_media":0,"comment_status":"open","ping_status":"open","sticky":false,"template":"","format":"standard","meta":{"footnotes":""},"categories":[31],"tags":[6],"class_list":["post-935","post","type-post","status-publish","format-standard","hentry","category-logs","tag-ham"],"_links":{"self":[{"href":"https:\/\/blog.tomasbrincil.cz\/index.php?rest_route=\/wp\/v2\/posts\/935","targetHints":{"allow":["GET"]}}],"collection":[{"href":"https:\/\/blog.tomasbrincil.cz\/index.php?rest_route=\/wp\/v2\/posts"}],"about":[{"href":"https:\/\/blog.tomasbrincil.cz\/index.php?rest_route=\/wp\/v2\/types\/post"}],"author":[{"embeddable":true,"href":"https:\/\/blog.tomasbrincil.cz\/index.php?rest_route=\/wp\/v2\/users\/1"}],"replies":[{"embeddable":true,"href":"https:\/\/blog.tomasbrincil.cz\/index.php?rest_route=%2Fwp%2Fv2%2Fcomments&post=935"}],"version-history":[{"count":1,"href":"https:\/\/blog.tomasbrincil.cz\/index.php?rest_route=\/wp\/v2\/posts\/935\/revisions"}],"predecessor-version":[{"id":936,"href":"https:\/\/blog.tomasbrincil.cz\/index.php?rest_route=\/wp\/v2\/posts\/935\/revisions\/936"}],"wp:attachment":[{"href":"https:\/\/blog.tomasbrincil.cz\/index.php?rest_route=%2Fwp%2Fv2%2Fmedia&parent=935"}],"wp:term":[{"taxonomy":"category","embeddable":true,"href":"https:\/\/blog.tomasbrincil.cz\/index.php?rest_route=%2Fwp%2Fv2%2Fcategories&post=935"},{"taxonomy":"post_tag","embeddable":true,"href":"https:\/\/blog.tomasbrincil.cz\/index.php?rest_route=%2Fwp%2Fv2%2Ftags&post=935"}],"curies":[{"name":"wp","href":"https:\/\/api.w.org\/{rel}","templated":true}]}}